{"id":1070,"date":"2017-03-03T13:38:42","date_gmt":"2017-03-03T12:38:42","guid":{"rendered":"http:\/\/edizionieva.com\/?p=1070"},"modified":"2017-05-10T13:44:27","modified_gmt":"2017-05-10T11:44:27","slug":"battiti-dali","status":"publish","type":"post","link":"http:\/\/edizionieva.com\/?p=1070","title":{"rendered":"Battiti d&#8217;ali"},"content":{"rendered":"<div class=\"libro\">\n<div class=\"copertina\"><img loading=\"lazy\" decoding=\"async\" class=\"size-medium wp-image-12 bordino\" src=\"\/wp-content\/uploads\/2017\/05\/battiti_d_ali.gif\" width=\"255\" height=\"350\" \/><\/div>\n<div class=\"dettagli_libro\">\n<ul>\n<table class=\"info\">\n<tr>\n<td class=\"info\">\n<li><b>Autore<\/b><\/td>\n<td class=\"info\">Siham Sfar<\/li>\n<\/td>\n<\/tr>\n<tr>\n<td class=\"info\">\n<li><b>Titolo<\/b><\/td>\n<td class=\"info\">Battiti d'ali<\/li>\n<\/td>\n<\/tr>\n<tr>\n<td class=\"info\">\n<li><b>Collana<\/b><\/td>\n<td class=\"info\">La stanza del poeta<\/li>\n<\/td>\n<\/tr>\n<tr>\n<td class=\"info\">\n<li><b>Pagine<\/b><\/td>\n<td class=\"info\">56<\/li>\n<\/td>\n<\/tr>\n<tr>\n<td class=\"info\">\n<li><b>Anno<\/b><\/td>\n<td class=\"info\">2017<\/li>\n<\/td>\n<\/tr>\n<tr>\n<td class=\"info\">\n<li><b>Prezzo<\/b><\/td>\n<td class=\"info\">\u20ac 8,00<\/li>\n<\/td>\n<\/tr>\n<\/table>\n<\/ul>\n<\/div>\n<\/div>\n<p class=\"testoarticolo\"><strong>Un incontro inaspettato<\/strong><\/p>\n<\/p>\n<p class=\"testoarticolo\">Siham \u00e8 un regalo di Majid. Abdelmajid Youcef \u00e8 il mio traduttore in arabo: ha prima tradotto e pub-blicato in Tunisia (Bourak, Monastir) E poi... \/ Et puis... \u2013 piccolo vecchio libro del secolo scorso \u2013 e poi l\u2019altra piccola raccolta Apparenza di certezza (uscita nella prima serie della mia collana la stanza del poeta). Quando, nella primavera dello scorso anno, sono stato invitato a Sousse dalla comune amica Radhia Chehaibi per un incontro di poesia internazionale (dedicato alla \u201cpoesia breve\u201d), Majid mi ha presentato Siham Sfar, sua moglie, poetessa, la quale aveva appena pubblicato un suo libro grazioso e ricco di slanci lirici delicati ma pure di acute sciabolate di pensiero. E soprattutto, per la mia sensibilit\u00e0, apprezzabile perch\u00e9 scritto non nella maniera che di solito caratterizza la scrittura poetica araba, fluviale e densa, ma in modo leggero e sintetico, cio\u00e8 come piace a me.<br \/>\nHo cominciato a tradurre qualcosa da Battements d\u2019ailes gi\u00e0 mentre ero con loro a Sousse, e ho poi continuato, un po\u2019 per esercitarmi e un po\u2019 di pi\u00f9 perch\u00e9 davvero preso dalle parole di Siham, cercando di rendere la sua fresca e profonda misura del verso. \u00c8 Majid a sostenere, nella sua nota di presentazione del libro da cui sono tratte queste poesie, che sono \u201cdoux et piquants, \u00e0 fort effet \u00e9motionnel\u201d ed hanno pertanto la capacit\u00e0 di \u201cpercuter\u201d il lettore. Siham \u00e8 immediata e convincente perch\u00e9 legge intorno a s\u00e9 e dentro di s\u00e9 \u2013 comunicando quindi le sue impressioni, suggestioni, osservazioni... Nella sua poesia \u00e8 viva la volont\u00e0 di mettersi in gioco e in discussione, di affidarsi ad un lettore attento, non solo perch\u00e9 siano apprezzate le tematiche e le riflessioni proposte ma perch\u00e9 siano un suo lascito, un dono che rimanga a disposizione di lettori che le somiglino e condividano les coulisses (le linee-guida: \u00e8 il caso di citarla) in cui scorrono le sue poesie.<br \/>\nSono 33 i brevi testi qui raccolti, scelti seguendo percorsi tematici congeniali e sufficienti, credo, a dare di Siham Sfar un\u2019idea esauriente del suo modo di fare poesia. Nella vita \u00e8 docente di Liceo, ma non lascia trasparire molto questa sua professione \u2013 forse appena una vena pedagogica in qualche pagina... \u2013 o bisognerebbe invidiare i suoi allievi che hanno di fronte la sua generosa attitudine a darsi con misurata eleganza, consapevole esperienza del mondo, accortezza nel dire, nel fresco e penetrante sapore della sua parola.\n<\/p>\n<p class=\"testoarticolo\"><b>Giuseppe Napolitano<\/b><\/p>\n","protected":false},"excerpt":{"rendered":"<p>Autore Siham Sfar Titolo Battiti d'ali Collana La stanza del poeta Pagine 56 Anno 2017 Prezzo \u20ac 8,00 Un incontro inaspettato Siham \u00e8 un regalo di Majid. Abdelmajid Youcef \u00e8 il mio traduttore in arabo: ha prima tradotto e pub-blicato in Tunisia (Bourak, Monastir) E poi... \/ Et puis... \u2013 piccolo vecchio libro del secolo <a href=\"http:\/\/edizionieva.com\/?p=1070\" class=\"more-link\">...continua a leggere<span class=\"screen-reader-text\"> \"Battiti d&#8217;ali\"<\/span><\/a><\/p>\n","protected":false},"author":1,"featured_media":0,"comment_status":"open","ping_status":"open","sticky":false,"template":"","format":"standard","meta":{"footnotes":""},"categories":[3,7],"tags":[],"class_list":{"0":"post-1070","1":"post","2":"type-post","3":"status-publish","4":"format-standard","6":"category-collaneeditoriali","7":"category-libri","8":"h-entry","9":"hentry","10":"h-as-article"},"_links":{"self":[{"href":"http:\/\/edizionieva.com\/index.php?rest_route=\/wp\/v2\/posts\/1070"}],"collection":[{"href":"http:\/\/edizionieva.com\/index.php?rest_route=\/wp\/v2\/posts"}],"about":[{"href":"http:\/\/edizionieva.com\/index.php?rest_route=\/wp\/v2\/types\/post"}],"author":[{"embeddable":true,"href":"http:\/\/edizionieva.com\/index.php?rest_route=\/wp\/v2\/users\/1"}],"replies":[{"embeddable":true,"href":"http:\/\/edizionieva.com\/index.php?rest_route=%2Fwp%2Fv2%2Fcomments&post=1070"}],"version-history":[{"count":1,"href":"http:\/\/edizionieva.com\/index.php?rest_route=\/wp\/v2\/posts\/1070\/revisions"}],"predecessor-version":[{"id":1072,"href":"http:\/\/edizionieva.com\/index.php?rest_route=\/wp\/v2\/posts\/1070\/revisions\/1072"}],"wp:attachment":[{"href":"http:\/\/edizionieva.com\/index.php?rest_route=%2Fwp%2Fv2%2Fmedia&parent=1070"}],"wp:term":[{"taxonomy":"category","embeddable":true,"href":"http:\/\/edizionieva.com\/index.php?rest_route=%2Fwp%2Fv2%2Fcategories&post=1070"},{"taxonomy":"post_tag","embeddable":true,"href":"http:\/\/edizionieva.com\/index.php?rest_route=%2Fwp%2Fv2%2Ftags&post=1070"}],"curies":[{"name":"wp","href":"https:\/\/api.w.org\/{rel}","templated":true}]}}