{"id":11,"date":"2006-02-10T14:33:04","date_gmt":"2006-02-10T13:33:04","guid":{"rendered":"http:\/\/edizionieva.com\/?p=11"},"modified":"2016-07-06T16:52:13","modified_gmt":"2016-07-06T14:52:13","slug":"la-nuova-raccolta-di-poesie-di-adriano-panza-nel-libro-briciole","status":"publish","type":"post","link":"http:\/\/edizionieva.com\/?p=11","title":{"rendered":"La nuova raccolta di poesie di Adriano Panza nel libro Briciole"},"content":{"rendered":"<p><img loading=\"lazy\" decoding=\"async\" class=\"size-medium wp-image-12 aligncenter\" src=\"http:\/\/edizionieva.com\/wp-content\/uploads\/2016\/06\/briciolemedio-205x300.jpg\" width=\"255\" height=\"350\" \/><\/p>\n<p calss=\"testoarticolo\">Di questa raccolta \u00e8 il titolo a farsi considerare al bandolo di ci\u00f2 che, nel biografato di fondo, \u00e8 la confessione di un vero e proprio credo come tale in una dimensione poetica della vita.<br \/>\nSorta, si direbbe, di \u201cdiario intimo\u201d, che pagina dopo pagina raccoglie ed elenca quelle \u201cbriciole\u201d del titolo, che, disseminate in un percorso esistenziale diventano via via, a prova di forti emozioni, sete di conoscenza, contatto con culture diverse e, d\u2019improvviso, tragedia e, quindi, vita sofferta, insulsa, inutile, priva di significato al di l\u00e0 di che il sensibile ad ogni espressione artistica rimane nel confortevole di certo dilettarsi di poesia, pittura, collage e fotografia in cui rappresentare istintivamente squarci del proprio vissuto.<br \/>\n<b>(Dalla Prefazione di Alfredo Barbati junior)<\/b><\/p>\n","protected":false},"excerpt":{"rendered":"<p>Di questa raccolta \u00e8 il titolo a farsi considerare al bandolo di ci\u00f2 che, nel biografato di fondo, \u00e8 la confessione di un vero e proprio credo come tale in una dimensione poetica della vita. Sorta, si direbbe, di \u201cdiario intimo\u201d, che pagina dopo pagina raccoglie ed elenca quelle \u201cbriciole\u201d del titolo, che, disseminate in <a href=\"http:\/\/edizionieva.com\/?p=11\" class=\"more-link\">...continua a leggere<span class=\"screen-reader-text\"> \"La nuova raccolta di poesie di Adriano Panza nel libro Briciole\"<\/span><\/a><\/p>\n","protected":false},"author":1,"featured_media":0,"comment_status":"open","ping_status":"open","sticky":false,"template":"","format":"standard","meta":{"footnotes":""},"categories":[7],"tags":[9],"class_list":{"0":"post-11","1":"post","2":"type-post","3":"status-publish","4":"format-standard","6":"category-libri","7":"tag-poesia","8":"h-entry","9":"hentry","10":"h-as-article"},"_links":{"self":[{"href":"http:\/\/edizionieva.com\/index.php?rest_route=\/wp\/v2\/posts\/11"}],"collection":[{"href":"http:\/\/edizionieva.com\/index.php?rest_route=\/wp\/v2\/posts"}],"about":[{"href":"http:\/\/edizionieva.com\/index.php?rest_route=\/wp\/v2\/types\/post"}],"author":[{"embeddable":true,"href":"http:\/\/edizionieva.com\/index.php?rest_route=\/wp\/v2\/users\/1"}],"replies":[{"embeddable":true,"href":"http:\/\/edizionieva.com\/index.php?rest_route=%2Fwp%2Fv2%2Fcomments&post=11"}],"version-history":[{"count":7,"href":"http:\/\/edizionieva.com\/index.php?rest_route=\/wp\/v2\/posts\/11\/revisions"}],"predecessor-version":[{"id":239,"href":"http:\/\/edizionieva.com\/index.php?rest_route=\/wp\/v2\/posts\/11\/revisions\/239"}],"wp:attachment":[{"href":"http:\/\/edizionieva.com\/index.php?rest_route=%2Fwp%2Fv2%2Fmedia&parent=11"}],"wp:term":[{"taxonomy":"category","embeddable":true,"href":"http:\/\/edizionieva.com\/index.php?rest_route=%2Fwp%2Fv2%2Fcategories&post=11"},{"taxonomy":"post_tag","embeddable":true,"href":"http:\/\/edizionieva.com\/index.php?rest_route=%2Fwp%2Fv2%2Ftags&post=11"}],"curies":[{"name":"wp","href":"https:\/\/api.w.org\/{rel}","templated":true}]}}