{"id":1281,"date":"2017-08-07T17:07:04","date_gmt":"2017-08-07T15:07:04","guid":{"rendered":"http:\/\/edizionieva.com\/?p=1281"},"modified":"2017-08-21T16:08:47","modified_gmt":"2017-08-21T14:08:47","slug":"il-foglio-volante-di-agosto-2","status":"publish","type":"post","link":"http:\/\/edizionieva.com\/?p=1281","title":{"rendered":"Il Foglio Volante di agosto"},"content":{"rendered":"<p style=\"text-align: center;\"><span class=\"sottotitolo myalign\">Foglio Volante n\u00b08 Anno XXXII Agosto 2017<\/span><\/p>\n<p><img loading=\"lazy\" decoding=\"async\" class=\"size-medium wp-image-12 aligncenter bordino\" src=\"\/wp-content\/uploads\/2017\/08\/foglio_agosto_2017.jpg\" width=\"250\" height=\"350\" \/><\/p>\n<p><\/br><\/p>\n<p class=\"myalign\"><strong>Verso un luogo diverso<\/strong>\n<\/p>\n<p class=\"testoarticolo\"><span class=\"italic\">Inconosciuto inconoscibile ultimo<br \/>\ndei luoghi di tua vita vai da solo<br \/>\nal viaggio che ti porta oltre te stesso<br \/>\nE solo scopri quanto gi\u00e0 vissuto<br \/>\nnella memoria avevi un luogo simile<br \/>\npoich\u00e9 altri \u2013 tanti e troppi \u2013<br \/>\ngli incontri che ti hanno preceduto<br \/>\nSolo qui ognuno che rimane<br \/>\na domandarsi quanto abbia avuto senso<br \/>\nper te per tutti credere in un bel sogno.<\/span><\/p>\n<p class=\"testoarticolo\">Amerigo Iannacone \u00e8 stato ucciso la mattina del 12 luglio (anniversario della nascita di Pablo Neruda), a Venafro, la sua citt\u00e0, mentre attraversava la strada. Certo che non l\u2019hanno fatto apposta, ma \u00e8 andata cos\u00ec, purtroppo: uno sbadato al volante l\u2019ha colpito mortalmente, mentre \u2013 come tutte le mattine \u2013 si recava a prendere il giornale e un caff\u00e8 al bar. L\u2019avevo sentito la sera prima: preparavamo la presentazione di un libro a Formia, l\u2019ultimo delle Edizioni Eva. Mi hanno telefonato in rapida successione gli amici Antonio Vanni, Maria Giusti e Ida Di Ianni: non ho potuto rispondere ai primi e da quest\u2019ultima, dalle lacrime di Ida, ho appreso che una tragedia si era appena consumata.<br \/>\nIn quei giorni Amerigo avrebbe dovuto incontrare in tipografia il caro Pontone, a Cassino, per preparare il nuovo numero del \u201cFoglio Volante\u201d. Questo. Questo che ora gli amici orfani hanno voluto dedicare interamente a lui, al compagno di tanta strada percorsa in amicizia di parola, per amore della parola scritta: insieme a lui, eravamo tanti a crederci ancora, nel valore della parola. Convinti che la poesia abbia ancora un posto nella vita, che sappia e possa parlare alla parte migliore dell\u2019uomo, quella capace di leggersi dentro e sognare. Adesso ci sentiamo impegnati a non perdere quel valore, e vogliamo \u2013 a partire dalla pubblicazione di questo speciale numero del suo amatissimo \u201cFlugfolio\u201d \u2013 continuare a camminare le vie della parola. Per ora, questo. Poi raccoglieremo ancora altre testimonianze, magari certe sue cose inedite che gi\u00e0 aveva in animo di pubblicare. Con la necessaria calma, ci prepareremo anche a organizzare un convegno per analizzare la sua opera complessiva di poeta e critico, giornalista e scrittore. Col tempo che ci vorr\u00e0.<\/p>\n<p class=\"testoarticolo\"><span class=\"italic\">\u00c8 uno strano mercante il poeta<br \/>\nche la sua mercanzia mette all\u2019asta<br \/>\nper un sorriso un bacio una carezza<br \/>\n\u2013 e magari anche per niente la regala<br \/>\nE vagabondo risponde a cento inviti<br \/>\ncamminando le strade pi\u00f9 lontane<br \/>\nportando in giro le parole \u2013 quelle sue<br \/>\n\u2013 che forse un altro poi sapr\u00e0 ripetere<br \/>\n\u00c8 pronto sempre se deve a riconoscere<br \/>\nlimitato il suo mondo \u2013 ma \u00e8 possibile<br \/>\nche sia il suo quello pi\u00f9 accogliente<br \/>\nquando qualcuno resta senza casa.<\/span><\/p>\n<p class=\"testoarticolo\">Ringrazio l\u2019amico poeta tunisino Abdelmajid Youcef, che affettuosamente ha tradotto il mio testo in francese (sua moglie Siham Sfar \u00e8 stata una delle ultime poetesse pubblicate nella collana la stanza del poeta delle Edizioni Eva):<\/p>\n<p class=\"testoarticolo\"><span class=\"italic\">Un \u00e9trange marchand, le po\u00e8te:<br \/>\nsa marchandise il la met aux ench\u00e8res<br \/>\npour un sourire un baiser une caresse<br \/>\n\u2013 et peut-\u00eatre il la donne pour rien.<br \/>\nVagabond, il r\u00e9pond \u00e0 toute invitation<br \/>\nen allant par les chemins les plus lointains<br \/>\npromenant les mots \u2013 les siens<br \/>\ncertes, quelqu\u2019un saura les reprendre.<br \/>\nIl est toujours pr\u00eat \u00e0 le reconna\u00eetre<br \/>\nson monde limit\u00e9 \u2013 mais il est possible<br \/>\nqu\u2019il soit le plus accueillant<br \/>\nquand quelqu\u2019un reste sans domicile.<\/span><\/p>\n<p class=\"testoarticolo\"><strong>Giuseppe Napolitano<\/strong><\/p>\n<p><\/br><\/p>\n<p><strong>Cartolina precetto<\/strong><\/p>\n<p class=\"testoarticolo\">\nQuando partir\u00f2<br \/>\nporter\u00f2 con me soltanto<br \/>\nuna valigia di ricordi<br \/>\nqualche rimpianto<br \/>\nper l'amore non dato e non avuto<br \/>\nun po' di nostalgia<br \/>\nper un'epoca d'oro favolosa<br \/>\nsempre immaginata.<br \/>\nLascer\u00f2<br \/>\nun pezzo di anima<br \/>\ne un brandello di cuore<br \/>\nche avranno vita di parole.<br \/>\nQuando partir\u00f2<br \/>\nvorr\u00f2 avere il volto sereno<br \/>\ne lasciare un sorriso<br \/>\nper quelli che con me<br \/>\ncondivisero sogni luminosi<br \/>\ned eteree speranze.<br \/>\nEcco: il bagaglio \u00e8 preparato.<br \/>\nNon aspetto<br \/>\nma non sar\u00f2 troppo sorpreso<br \/>\nquando arriver\u00e0<br \/>\nla cartolina precetto.\n<\/p>\n<p class=\"testoarticolo\">\n<span class=\"italic\">(Ceppagna, 12 giugno 2014, 22,35 )<br \/>\nDa Eppure<\/span><br \/>\n<strong>Amerigo Iannacone<\/strong>\n<\/p>\n<p><\/br><\/p>\n<p><strong>Ad Aldo, che al funerale ha pianto<\/strong><\/p>\n<p class=\"testoarticolo\">\nAldo, sempre ti sei stupito,<br \/>\nsenza farne un mistero,<br \/>\ndella mia  buona tenuta al bicchiere.<br \/>\nMa anche per me  la morte di Amerigo<br \/>\n\u00e8 un vino troppo forte, troppo amaro.<br \/>\n\u00c8 impossibile  reggerlo, ti giuro.\n<\/p>\n<p class=\"testoarticolo\">\n<span class=\"italic\">(16 luglio 2017)<\/span><br \/>\n<strong>Gerardo  Vacana<\/strong><\/p>\n","protected":false},"excerpt":{"rendered":"<p>Foglio Volante n\u00b08 Anno XXXII Agosto 2017 Verso un luogo diverso Inconosciuto inconoscibile ultimo dei luoghi di tua vita vai da solo al viaggio che ti porta oltre te stesso E solo scopri quanto gi\u00e0 vissuto nella memoria avevi un luogo simile poich\u00e9 altri \u2013 tanti e troppi \u2013 gli incontri che ti hanno preceduto <a href=\"http:\/\/edizionieva.com\/?p=1281\" class=\"more-link\">...continua a leggere<span class=\"screen-reader-text\"> \"Il Foglio Volante di agosto\"<\/span><\/a><\/p>\n","protected":false},"author":1,"featured_media":0,"comment_status":"open","ping_status":"open","sticky":false,"template":"","format":"standard","meta":{"footnotes":""},"categories":[6],"tags":[8,9,25],"class_list":{"0":"post-1281","1":"post","2":"type-post","3":"status-publish","4":"format-standard","6":"category-fogliovolante","7":"tag-il-foglio-volante","8":"tag-poesia","9":"tag-poesia-contemporanea","10":"h-entry","11":"hentry","12":"h-as-article"},"_links":{"self":[{"href":"http:\/\/edizionieva.com\/index.php?rest_route=\/wp\/v2\/posts\/1281"}],"collection":[{"href":"http:\/\/edizionieva.com\/index.php?rest_route=\/wp\/v2\/posts"}],"about":[{"href":"http:\/\/edizionieva.com\/index.php?rest_route=\/wp\/v2\/types\/post"}],"author":[{"embeddable":true,"href":"http:\/\/edizionieva.com\/index.php?rest_route=\/wp\/v2\/users\/1"}],"replies":[{"embeddable":true,"href":"http:\/\/edizionieva.com\/index.php?rest_route=%2Fwp%2Fv2%2Fcomments&post=1281"}],"version-history":[{"count":15,"href":"http:\/\/edizionieva.com\/index.php?rest_route=\/wp\/v2\/posts\/1281\/revisions"}],"predecessor-version":[{"id":1449,"href":"http:\/\/edizionieva.com\/index.php?rest_route=\/wp\/v2\/posts\/1281\/revisions\/1449"}],"wp:attachment":[{"href":"http:\/\/edizionieva.com\/index.php?rest_route=%2Fwp%2Fv2%2Fmedia&parent=1281"}],"wp:term":[{"taxonomy":"category","embeddable":true,"href":"http:\/\/edizionieva.com\/index.php?rest_route=%2Fwp%2Fv2%2Fcategories&post=1281"},{"taxonomy":"post_tag","embeddable":true,"href":"http:\/\/edizionieva.com\/index.php?rest_route=%2Fwp%2Fv2%2Ftags&post=1281"}],"curies":[{"name":"wp","href":"https:\/\/api.w.org\/{rel}","templated":true}]}}