{"id":1578,"date":"2017-11-17T14:55:11","date_gmt":"2017-11-17T13:55:11","guid":{"rendered":"http:\/\/edizionieva.com\/?p=1578"},"modified":"2017-11-29T13:43:48","modified_gmt":"2017-11-29T12:43:48","slug":"poesia-da-tutti-i-cieli-2017","status":"publish","type":"post","link":"http:\/\/edizionieva.com\/?p=1578","title":{"rendered":"Poesia da tutti i cieli 2017"},"content":{"rendered":"<div class=\"libro\">\n<div class=\"copertina\"><img loading=\"lazy\" decoding=\"async\" class=\"size-medium wp-image-12 bordino\" src=\"\/wp-content\/uploads\/2017\/11\/Cop_Poesia-da-tutti-i-cieli.jpg\" width=\"255\" height=\"350\" \/><\/div>\n<div class=\"dettagli_libro\">\n<ul>\n<table class=\"info\">\n<tr>\n<td class=\"info\">\n<li><b>Autore<\/b><\/td>\n<td class=\"info\">AA.VV.<\/li>\n<\/td>\n<\/tr>\n<tr>\n<td class=\"info\">\n<li><b>Titolo<\/b><\/td>\n<td class=\"info\">Poesia da tutti i cieli 2017<\/li>\n<\/td>\n<\/tr>\n<tr>\n<td class=\"info\">\n<li><b>Collana<\/b><\/td>\n<td class=\"info\">Premio Poesia da tutti i cieli<\/li>\n<\/td>\n<\/tr>\n<tr>\n<td class=\"info\">\n<li><b>Pagine<\/b><\/td>\n<td class=\"info\">232<\/li>\n<\/td>\n<\/tr>\n<tr>\n<td class=\"info\">\n<li><b>Anno<\/b><\/td>\n<td class=\"info\">2017<\/li>\n<\/td>\n<\/tr>\n<tr>\n<td class=\"info\">\n<li><b>Prezzo<\/b><\/td>\n<td class=\"info\">\u20ac 18,00<\/li>\n<\/td>\n<\/tr>\n<tr>\n<td class=\"info\">\n<li><b>Isbn<\/b><\/td>\n<td class=\"info\">978-88-94866-08-7<\/li>\n<\/td>\n<\/tr>\n<\/table>\n<\/ul>\n<\/div>\n<\/div>\n<p><\/br><\/p>\n<p class=\"testoarticolo\">Difficile per me, quest\u2019anno, vergare le righe di prefazione della consueta antologia, perch\u00e9 il pensiero inesorabilmente corre alla tragica vicenda che ha strappato Amerigo Iannacone a questa terra, ai suoi affetti, agli amici, agli estimatori. Questa antologia per tre anni \u00e8 stata una delle sue creature. Curata da Giuseppe Campolo, era poi impaginata e seguita scrupolosamente da Amerigo con la stessa passione con cui si dedicava a tutti i lavori che investivano la sua sfera creativa e ai libri da lui editi con una frequenza straordinaria, quasi avesse timore che il tempo assegnatogli non fosse sufficiente a portare a termine i suoi progetti. E mancher\u00e0 al tavolo della Giuria, alla cerimonia di premiazione alla quale ha sempre presenziato, mancher\u00e0 il suo intervento ricco di riflessioni sull\u2019Esperanto, che egli amava e al quale aveva dedicato molte energie. Suo, fra l\u2019altro, un prezioso manuale con a margine un opportuno dizionarietto Italiano-Esperanto. Ma ci\u00f2 non escludeva il suo interesse per la lingua italiana.<br \/>\nEra un linguista come pochi. Lo seguivo nel suo Flugfolio che mi inviava puntualmente per e-mail. Leggevo nelle sue considerazioni sull\u2019andazzo comune di questi ultimi tempi il suo rammarico per uno scadimento della lingua scritta che evidenziava la trascuratezza e, in certi casi, l\u2019abbandono delle norme grammaticali e\/o sintattiche.<br \/>\nE questa antologia vede la luce per l\u2019impegno di Giuseppe Campolo, che, come tutti noi della Giuria, desidera che il lavoro appassionato di Amerigo comunque continui.<br \/>\nAnche per questa quarta edizione del concorso ci sono giunte le luci, ora intense, ora soffuse di versi sbocciati nel cuore e nella mente di poeti che hanno sentito l\u2019esigenza di esprimere sentimenti e di diffonderli quasi a cercare condivisione. Sono versi che si propongono come atto d\u2019amore e di sensibilit\u00e0, versi che toccano sentimenti universali nella rappresentazione della vita fatta di distacchi, di strappi, di lacerazioni, nella lucida consapevolezza della condizione di universale precariet\u00e0 umana. Frequente \u00e8 l\u2019atteggiamento di amore per la vita, ma \u00e8 il \u201cdoloroso amore\u201d di un Saba o il \u201cdisperato amore\u201d di un Cesare Pavese, insieme alla presa di coscienza della vacuit\u00e0 delle illusioni.<br \/>\nIn definitiva le liriche selezionate trasmettono il brivido intenso del mistero dell\u2019esistenza.<br \/>\nUna costante \u00e8 la ricerca della felicit\u00e0 che solo gli affetti possono regalarci, come nel sonetto che si \u00e8 aggiudicato il primo premio (Cammineremo insieme). Molti i poeti che si sono ispirati ai dolorosi eventi del nostro tempo come, ad esempio, l\u2019autore di Noi bambini (terzo premio), auspicando una pace duratura nel mondo. Altri hanno trovato rifugio nel sogno o si sono aggrappati alla memoria. La parola ora descrive, ora evoca, suggerisce e comunque scolpisce immagini che colpiscono emotivamente il lettore.<br \/>\nE saranno, anche questa volta, i poeti e i lettori di tutti i Continenti a sentirsi idealmente vicini grazie a questa formula vincente di una lingua che veicola l\u2019arte poetica e, insieme, il messaggio di pace universale, in questo tempo in cui insensatezza e atroce violenza attraversano il mondo, spargendo dolore e morte.\n<\/p>\n<p class=\"testoarticolo\"><b>Anna Maria Crisafulli Sartori<\/b><\/p>\n<p class=\"testoarticolo\">Estas malfacile por mi, \u0109i jare, verki la anta\u016dparolajn vortojn de la kutima antologio, \u0109ar fatale la penso kuras al la tragika okazo, kiu for\u015diris Amerigo Iannacone el tiu \u0109i tero, siaj amoj, amikoj, kaj estimantoj. \u0108i tiu antologio dum tri jaroj estis unu el liaj kreita\u0135oj. Kutime redaktita de Giuseppe Campolo, poste \u011di estis enpa\u011digita kaj plenprizorgita de Amerigo kun la sama pasio, per kiu li sin dedi\u0109is al \u0109iuj laboroj kiuj koncernis lian krean sferon kaj al la libroj, kiujn li eldonis kun eksterordinara ofteco, kvaza\u016d li timus, ke la tempo disponigita al li ne estus sufi\u0109a por kompletigi siajn projektojn. Kaj oni sentos lian ne\u0109eeston \u0109e la tablo de Ju\u011dantaro, dum la premiada ceremonio, en kiu li \u0109iam partoprenis kaj la ne\u0109eeston de lia prelego, \u0109iam ri\u0109a je pripensoj pri Esperanto, kiun li amis kaj al kiu li dedi\u0109is multajn energiojn. Li anka\u016d verkis, interalie, altvaloran lernolibron kun ta\u016dga vortareto Itala-Esperanto. Sed tio ne ekskludis lian intereson pri la itala lingvo.<br \/>\nLi estis lingvisto kiel malmultaj. Mi sekvis lin en lia Flugfolio, kiun akurate li sendis al mi interrete. Mi ekvidis, en liaj konsideroj pri la rutino de la lastaj tempoj, lian beda\u016dron pro la defalo de la skribita lingvo, kiu rimarkigis la nezorgon kaj, en iaj kazoj, la forlason de la normoj gramatikaj kaj\/a\u016d sintaksaj.<br \/>\nKaj tiu \u0109i antologio vidas la lumon danke al la zorgemo de Giuseppe Campolo, kiu, kiel \u0109iuj ni el la Ju\u011dantaro, deziras ke la pasia laboro de Amerigo tamen pluda\u016dros.<br \/>\nAnka\u016d dum \u0109i tiu kvara eldono de la konkurso atingis nin la lumoj, kelkfoje intensaj, alifoje vualitaj de versoj ekflorintaj en la koroj kaj mensoj de poetoj, kiuj sentis la bezonon esprimi sentojn kaj diskonigi ilin kvaza\u016d peti partoprenon. Ili estas versoj, kiuj sin proponas, kiel ama kaj sentema agoj, versoj, kiuj tu\u015das universalajn sentojn en la prezentado de la vivo farita el disi\u011doj, \u015diroj, dis\u015diri\u011doj, en la klara konscio pri la universala homa necerteco. Estas ofta la sinteno pri amo por la vivo, sed estas la \u201cdolora amo\u201d de iu Saba a\u016d la \u201csenespera amo\u201d de iu Cesare Pavere, ekkonscii\u011dante pri la vakueco de la iluzioj.<br \/>\nFine, la elektitaj lirika\u0135oj sentigas la intensan ektremon de la ekzistomistero.<br \/>\nKonstanta elemento estas la ser\u0109ado de feli\u0109o, kiun nur la amsentoj povas al ni donaci, kiel la soneto, kiu gajnis la unuan premion (Ni mar\u015du kune). Multaj estas la poetoj, kiuj inspiri\u011dis el doloraj eventoj de nia tempo, kiel, ekzemple, la verkinto de Ni infanoj (tria premio), dezirante da\u016dran pacon en la mondo. Aliaj rifu\u011dis en la revon a\u016d alkro\u0109i\u011dis al la memoro. La vorto kelkfoje priskribas, alifoje elvokas, sugestas kaj \u0109iukaze \u0109izas imagojn kiuj impresas emocie la leganton.<br \/>\nKaj estos, anka\u016d \u0109ifoje, la poetoj kaj la legantoj el \u0109iuj Kontinentoj sin senti idee proksimaj danke al la venka formulo de lingvo, kiu vehiklas la poezian arton kaj, kune, la mesa\u011don de universala paco, en tiu \u0109i tempo en kiu malsa\u011do kaj terura perforto trairas la mondon, dissemante doloron kaj morton.\n<\/p>\n<p class=\"testoarticolo\"><b>Anna Maria Crisafulli Sartori<\/b><\/p>\n","protected":false},"excerpt":{"rendered":"<p>Autore AA.VV. Titolo Poesia da tutti i cieli 2017 Collana Premio Poesia da tutti i cieli Pagine 232 Anno 2017 Prezzo \u20ac 18,00 Isbn 978-88-94866-08-7 Difficile per me, quest\u2019anno, vergare le righe di prefazione della consueta antologia, perch\u00e9 il pensiero inesorabilmente corre alla tragica vicenda che ha strappato Amerigo Iannacone a questa terra, ai suoi <a href=\"http:\/\/edizionieva.com\/?p=1578\" class=\"more-link\">...continua a leggere<span class=\"screen-reader-text\"> \"Poesia da tutti i cieli 2017\"<\/span><\/a><\/p>\n","protected":false},"author":1,"featured_media":0,"comment_status":"open","ping_status":"open","sticky":false,"template":"","format":"standard","meta":{"footnotes":""},"categories":[3,7],"tags":[],"class_list":{"0":"post-1578","1":"post","2":"type-post","3":"status-publish","4":"format-standard","6":"category-collaneeditoriali","7":"category-libri","8":"h-entry","9":"hentry","10":"h-as-article"},"_links":{"self":[{"href":"http:\/\/edizionieva.com\/index.php?rest_route=\/wp\/v2\/posts\/1578"}],"collection":[{"href":"http:\/\/edizionieva.com\/index.php?rest_route=\/wp\/v2\/posts"}],"about":[{"href":"http:\/\/edizionieva.com\/index.php?rest_route=\/wp\/v2\/types\/post"}],"author":[{"embeddable":true,"href":"http:\/\/edizionieva.com\/index.php?rest_route=\/wp\/v2\/users\/1"}],"replies":[{"embeddable":true,"href":"http:\/\/edizionieva.com\/index.php?rest_route=%2Fwp%2Fv2%2Fcomments&post=1578"}],"version-history":[{"count":6,"href":"http:\/\/edizionieva.com\/index.php?rest_route=\/wp\/v2\/posts\/1578\/revisions"}],"predecessor-version":[{"id":1587,"href":"http:\/\/edizionieva.com\/index.php?rest_route=\/wp\/v2\/posts\/1578\/revisions\/1587"}],"wp:attachment":[{"href":"http:\/\/edizionieva.com\/index.php?rest_route=%2Fwp%2Fv2%2Fmedia&parent=1578"}],"wp:term":[{"taxonomy":"category","embeddable":true,"href":"http:\/\/edizionieva.com\/index.php?rest_route=%2Fwp%2Fv2%2Fcategories&post=1578"},{"taxonomy":"post_tag","embeddable":true,"href":"http:\/\/edizionieva.com\/index.php?rest_route=%2Fwp%2Fv2%2Ftags&post=1578"}],"curies":[{"name":"wp","href":"https:\/\/api.w.org\/{rel}","templated":true}]}}