{"id":536,"date":"2016-06-05T18:35:24","date_gmt":"2016-06-05T16:35:24","guid":{"rendered":"http:\/\/edizionieva.com\/?p=536"},"modified":"2016-08-05T18:42:41","modified_gmt":"2016-08-05T16:42:41","slug":"aspra-terra-e-creazione-fertile-nellopera-di-domenico-defelice","status":"publish","type":"post","link":"http:\/\/edizionieva.com\/?p=536","title":{"rendered":"Aspra terra e creazione fertile nell\u2019opera di Domenico Defelice"},"content":{"rendered":"<p><\/p>\n<div class=\"libro\">\n<div class=\"copertina\"><img loading=\"lazy\" decoding=\"async\" class=\"size-medium wp-image-12 bordino\" src=\"\/wp-content\/uploads\/2016\/08\/Aspra.jpg\" width=\"255\" height=\"350\" \/><\/div>\n<div class=\"dettagli_libro\">\n<ul>\n<table class=\"info\">\n<tr>\n<td class=\"info\">\n<li><b>Titolo<\/b><\/td>\n<td class=\"info\">Aspra terra e creazione fertile nell\u2019opera di Domenico Defelice<\/li>\n<\/td>\n<\/tr>\n<tr>\n<td class=\"info\">\n<li><b>Autore<\/b><\/td>\n<td class=\"info\">Aurora De Luca<\/li>\n<\/td>\n<\/tr>\n<tr>\n<td class=\"info\">\n<li><b>Collana<\/b><\/td>\n<td class=\"info\">L'Albatro<\/li>\n<\/td>\n<\/tr>\n<tr>\n<td class=\"info\">\n<li><b>Pagine<\/b><\/td>\n<td class=\"info\">152<\/li>\n<\/td>\n<\/tr>\n<tr>\n<td class=\"info\">\n<li><b>Prezzo<\/b><\/td>\n<td class=\"info\">\u20ac 10,00<\/li>\n<\/td>\n<\/tr>\n<\/table>\n<\/ul>\n<\/div>\n<\/div>\n<p><\/p>\n<p class=\"testoarticolo\"><b>METODOLOGIA<\/b><\/p>\n<p class=\"testoarticolo\">SI VUOLE, con questo lavoro, dare un contributo alla lettura dell\u2019opera di Domenico Defelice e aggiungere una nuova voce liberamente e in piena consapevolezza delle capacit\u00e0 critiche di cui dispone: di lettrice romantica, appassionata.<br \/>\nSi va alla ricerca di un \u2018principio di fondo\u2019: si \u00e8 rivelato una radice, e, in quanto tale, ben radicato nella terra.<br \/>\nDa tutta una coterie di scritti, pubblicazioni, saggi, let-tere, si propone di ricercare e tirare fuori il volto dell\u2019uomo e il volto del poeta. Infine ci si accorge che i due per lo pi\u00f9 coincidono, in quanto entrambi mossi dalla stessa spinta viscerale: l\u2019amore.<br \/>\nPertanto \u00e8 l\u2019amore l\u2019angolo di visuale prediletto, amore che, si badi, non \u00e8 cantato come sentimento elegiaco (che pure avremmo apprezzato) ma piuttosto come \u2018partecipa-zione rabbiosa alla vita\u2019. Si \u00e8 compreso che per Defelice la scrittura poetica, che \u00e8 quella in cui \u00e8 piaciuto discendere, \u00e8 scrittura sociale, conoscenza e rifiuto, adesione e contra-sto, \u00e8 catarsi della vita.<br \/>\n\u00c8 venuto, quindi, spontaneo titolare questo lavoro Aspra terra e creazione fertile, avendo ben in mente quel \u2018principio di fondo\u2019 esistenziale-poetico del nostro autore: la terra \u00e8 dura, la vita \u00e8 di terra; poich\u00e9 \u00e8 parso evidente che il legame tra Defelice e la Terra, tra Defelice e la Calabria, \u00e8 un legame inscindibile, da risultare quasi ineluttabile, tale che le sofferenze dell\u2019una si propagano nell\u2019altro in onde d\u2019urto fortissime. Da tale condizione di sofferenza, fisica e di coscienza, si \u00e8 distillata la poesia come atto di semina e di inchiostro, cos\u00ec come avviene al contadino che, duramente, zappa la terra di cui conosce ritmi ed essenze, storture e avvallamenti, zone sterili e infeconde, finch\u00e9 da essa non riceve splendide fioriture e frutti genuini.<br \/>\nNei Preludi non si sonda che questo, una panoramica da pi\u00f9 angolazioni che possa restituire un Defelice tridimensionale: le sue origini, i suoi interessi, il suo carattere marcatamente \u2018feroce e mansueto\u2019, la sua poesia, la sua prosa, la sua pittura e ci si \u00e8 valsi delle sue stesse parole, che si \u00e8 ritenuto essere il nostro \u2018principio di fondo\u2019. Sicch\u00e9 \u00e8 sembrato adeguato presentare una Miscellanea di opere poetiche, con la lettura delle quali mostrare stili e temi, originalit\u00e0, forme, sviluppi, cambiamenti.<br \/>\nDi seguito l\u2019Amore: sono state messe sotto la sua lente d\u2019ingrandimento quattro opere poetiche, da quella pi\u00f9 giovanile a quella pi\u00f9 matura e recente. Di queste si \u00e8 vo-luto \u2013 e tentato di \u2013 proporre un\u2019analisi, stilistica, tematica e di evoluzione delle forme. Non si \u00e8 mai tralasciato per\u00f2 l\u2019intento principale del lavoro, quello di restituire un\u2019im-magine pi\u00f9 aderente possibile e a tutto tondo dell\u2019autore, e per tanto, nello scendere sempre pi\u00f9 a fondo tra le sue pa-role, si sono ricercati l\u2019uomo e il poeta, indagato chi dei due fosse presente e in che misura.<br \/>\nQuel che \u00e8 certo \u00e8 che in Defelice Poesia \u00e8 vita e vice-versa \u201cVita \u00e8 poesia\u201d; si \u00e8 voluto infatti presentare la stessa biografia dell\u2019autore \u2013 non certo anno per anno \u2013 intessendola con le sue stesse parole, rivelatrici di stati d\u2019animo e concezioni d\u2019esistenza, nonch\u00e9 con le parole di quei critici-scrittori che, prima e meglio di noi, hanno avuto modo di conoscere Defelice, sia personalmente, sia tramite le sue opere.<br \/>\nPer completare il lavoro si \u00e8 creduto necessario esplora-re il mensile fondato da Defelice nel 1973, \u00abPomezia-Notizie\u00bb, che ha compiuto ben 40 anni di vita senza cedere a quella che volgarmente si definisce \u2018una crisi di mezza et\u00e0\u2019. Questo mensile, accompagnato dai Quaderni Letterari Il Croco, \u00e8 stato un enorme delta di informazioni, in cui \u00e8 confluita una quantit\u00e0 infinita di articoli e pubblicazioni.<br \/>\nSi stava ricercando il \u2018principio di fondo\u2019 di vita e di poesia; si crede di aver trovato qualcosa che lo attesti. Non avendo comunque certezza della bont\u00e0 di tale impegno e di tali risultati, si \u00e8 voluto scendere proprio nelle viscere di Defelice, all\u2019interno di quegli epistolari \u201cfraterni\u201d, pubbli-cati con Il Croco. Per lo pi\u00f9 si possiedono lettere di risposta e che portano la firma di amici e amiche, scrittori e scrit-trici, ugualmente importanti per il progetto proposto. Ma si possiedono anche alcune lettere manoscritte di Defelice dalle quali non pu\u00f2 che risultare chiaramente il suo ani-mo, il suo spirito, la pasta del suo sguardo sulle cose, la sua mente.<br \/>\nIn ultimo una passeggiata, una chiacchierata, alcune confessioni, delle saggezze, delle dichiarazioni ispirate, pa-role preziose dello stesso Defelice, per noi che ne faremo inestimabile tesoro.<br \/>\nInsomma, un lavoro assolutamente \u2018scapigliato\u2019\u2013 come io sono del resto \u2013, appassionato sicuramente, si teme ma-gari caotico, assai pieno di salti e rimandi e citazioni, ma forse improvvisamente organico, limpido, trasparente da vederci attraverso.<\/p>\n<p class=\"testoarticolo\">Breve astratto dal libro<\/p>\n","protected":false},"excerpt":{"rendered":"<p>Titolo Aspra terra e creazione fertile nell\u2019opera di Domenico Defelice Autore Aurora De Luca Collana L'Albatro Pagine 152 Prezzo \u20ac 10,00 METODOLOGIA SI VUOLE, con questo lavoro, dare un contributo alla lettura dell\u2019opera di Domenico Defelice e aggiungere una nuova voce liberamente e in piena consapevolezza delle capacit\u00e0 critiche di cui dispone: di lettrice romantica, <a href=\"http:\/\/edizionieva.com\/?p=536\" class=\"more-link\">...continua a leggere<span class=\"screen-reader-text\"> \"Aspra terra e creazione fertile nell\u2019opera di Domenico Defelice\"<\/span><\/a><\/p>\n","protected":false},"author":1,"featured_media":0,"comment_status":"open","ping_status":"open","sticky":false,"template":"","format":"standard","meta":{"footnotes":""},"categories":[7],"tags":[],"class_list":{"0":"post-536","1":"post","2":"type-post","3":"status-publish","4":"format-standard","6":"category-libri","7":"h-entry","8":"hentry","9":"h-as-article"},"_links":{"self":[{"href":"http:\/\/edizionieva.com\/index.php?rest_route=\/wp\/v2\/posts\/536"}],"collection":[{"href":"http:\/\/edizionieva.com\/index.php?rest_route=\/wp\/v2\/posts"}],"about":[{"href":"http:\/\/edizionieva.com\/index.php?rest_route=\/wp\/v2\/types\/post"}],"author":[{"embeddable":true,"href":"http:\/\/edizionieva.com\/index.php?rest_route=\/wp\/v2\/users\/1"}],"replies":[{"embeddable":true,"href":"http:\/\/edizionieva.com\/index.php?rest_route=%2Fwp%2Fv2%2Fcomments&post=536"}],"version-history":[{"count":3,"href":"http:\/\/edizionieva.com\/index.php?rest_route=\/wp\/v2\/posts\/536\/revisions"}],"predecessor-version":[{"id":541,"href":"http:\/\/edizionieva.com\/index.php?rest_route=\/wp\/v2\/posts\/536\/revisions\/541"}],"wp:attachment":[{"href":"http:\/\/edizionieva.com\/index.php?rest_route=%2Fwp%2Fv2%2Fmedia&parent=536"}],"wp:term":[{"taxonomy":"category","embeddable":true,"href":"http:\/\/edizionieva.com\/index.php?rest_route=%2Fwp%2Fv2%2Fcategories&post=536"},{"taxonomy":"post_tag","embeddable":true,"href":"http:\/\/edizionieva.com\/index.php?rest_route=%2Fwp%2Fv2%2Ftags&post=536"}],"curies":[{"name":"wp","href":"https:\/\/api.w.org\/{rel}","templated":true}]}}