{"id":562,"date":"2015-08-20T16:57:39","date_gmt":"2015-08-20T14:57:39","guid":{"rendered":"http:\/\/edizionieva.com\/?p=562"},"modified":"2017-05-10T11:29:59","modified_gmt":"2017-05-10T09:29:59","slug":"un-albero-per-ombrello","status":"publish","type":"post","link":"http:\/\/edizionieva.com\/?p=562","title":{"rendered":"Un albero per ombrello"},"content":{"rendered":"<p><\/p>\n<div class=\"libro\">\n<div class=\"copertina\"><img loading=\"lazy\" decoding=\"async\" class=\"size-medium wp-image-12 bordino\" src=\"\/wp-content\/uploads\/2016\/08\/cop_un_albero_per_ombrello.jpg\" width=\"255\" height=\"350\" \/><\/div>\n<div class=\"dettagli_libro\">\n<ul>\n<table class=\"info\">\n<tr>\n<td class=\"info\">\n<li><b>Titolo<\/b><\/td>\n<td class=\"info\">Un albero per ombrello<\/li>\n<\/td>\n<\/tr>\n<tr>\n<td class=\"info\">\n<li><b>Autore<\/b><\/td>\n<td class=\"info\">Mariano Coreno<\/li>\n<\/td>\n<\/tr>\n<tr>\n<td class=\"info\">\n<li><b>Collana<\/b><\/td>\n<td class=\"info\">Colibr\u00ec<\/li>\n<\/td>\n<\/tr>\n<tr>\n<td class=\"info\">\n<li><b>Pagine<\/b><\/td>\n<td class=\"info\">111<\/li>\n<\/td>\n<\/tr>\n<tr>\n<td class=\"info\">\n<li><b>Anno<\/b><\/td>\n<td class=\"info\">2015<\/li>\n<\/td>\n<\/tr>\n<tr>\n<td class=\"info\">\n<li><b>Prezzo<\/b><\/td>\n<td class=\"info\">\u20ac 10,00<\/li>\n<\/td>\n<\/tr>\n<\/table>\n<\/ul>\n<\/div>\n<\/div>\n<p><\/p>\n<p class=\"testoarticolo\"><b>Un albero per ombrello: Coreno<\/b><br \/>\n\u00abDolce paese, onde portai conforme \/ l\u2019abito fiero e lo sdegnoso canto \/ e il petto ov\u2019odio e amor mai non s\u2019addorme, \/ pur ti riveggo, e il cuor mi balza in tanto\u00bb...<br \/>\nCosa c\u2019entra Giosu\u00e8 Carducci con la poesia di Mariano Coreno? \u201cTraversando la Maremma toscana\u201d mi pare cada a proposito per questi tuoi versi, Mariano, intitolati Un albero per ombrello.<br \/>\nPerch\u00e9 tu, caro Mariano, non hai scritto delle poesie ma dei versi. Versi che fanno parte di una sola, grande e ancora incompiuta poesia intitolata \u201cCORENO\u201d. E se i tuoi versi sono brevi \u00e8 perch\u00e9 sono propriamente dei versi e non delle poesie. Sono versi \u2013 ripeto \u2013 di quell\u2019unica poesia che hai scritto e stai ancora scrivendo e scriverai ancora, e che si chiama, come gi\u00e0 detto, \u201cCORENO\u201d.<br \/>\nDunque, abbiamo a disposizione una lunga poesia ancora da completare, che si chiama \u201cCORENO\u201d, e un poeta che quella poesia deve ancora terminare che si chiama Mariano Coreno. E mai come questa volta un nome, meglio un cognome, risulta pi\u00fa azzeccato, pi\u00fa giustificato, pi\u00fa rispondente alla realt\u00e0.<br \/>\nNon si trattasse di te, caro Mariano, la circostanza non andrebbe nemmeno citata, figuriamoci sottolineata. Cambierebbe qualcosa se tu non appartenessi alla grande famiglia dei \u201cCoreno\u201d, che pare abbia dato il suo nome al nostro paese?<br \/>\nNon cambierebbe niente, rispetto a te, rispetto alla tua poesia, se tu ti chiamassi diversamente, se il tuo cognome non fosse \u201cCoreno\u201d. Ma la circostanza, come l\u2019ho chiamata, che tu ti metti \u201cCoreno\u201d, nel tuo caso va citata e perfino sottolineata. Perch\u00e9 tu vivi questa circostanza casuale come un altro dono, come una sottolineatura del fatto che sei di Coreno, come una garanzia, come un motivo in pi\u00fa per amare Coreno: per fare di Coreno la protagonista, la figura centrale se non unica (a me sembra unica) della tua poesia.<br \/>\nOra, in tutto quanto fin qui detto, cosa c\u2019entra \u2013 torno a chiedere \u2013 Carducci e la poesia \u201cTraversando la Maremma toscana\u201d? C\u2019entra, e come! Carducci, infatti, che dice in quella particolare e, secondo me, particolarmente bella poesia? Dice che non gl\u2019importa di dover morire, di essere condannato e vicino alla morte; non gl\u2019importa nemmeno di aver visto morire i suoi sogni pi\u00fa inseguiti, i suoi ideali pi\u00fa amati; non gl\u2019importa neanche di aver rincorso invano le sue pi\u00fa care aspirazioni e le sue speranze pi\u00fa tenaci. Non gl\u2019importa pi\u00fa nulla di nulla, essendo diventata ormai la sola cosa importante per lui aver ritrovato in se stesso i luoghi della sua adolescenza e giovinezza, luoghi dai quali gli arriva il soffio rigeneratore del sostegno della vita che gli \u00e8 rimasta da vivere:<br \/>\n\u00ab\u2026 ma di lontano \/\/ pace dicono al cuor le tue colline \/ con le nebbie sfumanti e il verde piano \/ ridente ne le piogge mattutine.\u00bb<br \/>\nEcco dove e come l\u2019immenso e un po\u2019 antipatico Carducci s\u2019incontra con il caro e minuscolo Mariano! In questo amore per i luoghi nativi, la cui presenza si fa pi\u00fa forte via via che pi\u00fa se ne allontana, rivive l\u2019et\u00e0 dell\u2019innocenza, ritorna l\u2019et\u00e0 dell\u2019adolescenza, l\u2019et\u00e0 immortale della vita mortale.<br \/>\nPerch\u00e9 se \u00e8 vero che tu, caro Mariano, vivi in Australia da pi\u00fa di mezzo secolo, da quasi sessant\u2019anni, \u00e8 vero soprattutto che tu sei nato alla vita, che tu hai trascorso la tua adolescenza a Coreno. Cos\u00ed in Carducci: per il quale stare a Bologna significava portare ancora di pi\u00fa nel cuore la Maremma toscana dei suoi anni formativi e decisivi. Quanto a te, tu in realt\u00e0 non sei vissuto, non vivi in Australia: tu hai risieduto semplicemente, tu risiedi soltanto in Australia. Tu, da quando sei nato, da quando eri ragazzo, hai vissuto sempre in Italia. Mi viene a questo punto, a questo riguardo, di pensare a Emily Dickinson: la poetessa che, volontariamente reclusasi in una stanza, aveva eletto a sua dimora l\u2019universo per essere libera come l\u2019universo.<br \/>\nApparentemente, visibilmente tu sei vissuto in Australia; ma sostanzialmente sei vissuto e vivi a Coreno. E attraverso la tua poesia, Coreno cessa di essere un ricordo, qualcosa di perduto nella memoria e dalla memoria ritrovato e richiamato: Coreno ridiventa, come \u00e8 stato, la tua nascita, torna ad essere la tua nuova adolescenza: il passato, cio\u00e8, cessa di essere il passato per diventare il tuo attuale, tuo reale presente.<br \/>\nIn tutto questo, \u00e8 stata essenziale la tua poesia che ti ha consentito di continuare a vivere a Coreno perch\u00e9 essa stessa si \u00e8 identificata in Coreno. E tu, caro Mariano, non hai scritto tante poesie ma tanti versi di una stessa poesia. Tu hai scritto, e continui a scrivere finch\u00e9 vivi, una sola poesia composta di tanti versi che sembrano a modo loro poesie ma fanno parte, sono parte, di una stessa, di una sola poesia.<br \/>\n\u00abAnche \/ con la pioggia \/ canta il merlo. \/\/ Ha l\u2019albero \/ per ombrello\u00bb, una delle pagine di questo libro che vai scrivendo. E il \u201cmerlo\u201d sei tu, Mariano, che canti anche con la pioggia, anche quando tutto sembra rovinarsi e rovinare, perch\u00e9 anche tu hai per \u201combrello\u201d l\u2019albero della poesia, e cio\u00e8 Coreno.<br \/>\nPrima di chiudere, di concludere queste mie riflessioni sulla tua poesia, caro Mariano, voglio dirti, voglio darti il mio ringraziamento. Lo so, ti sembrer\u00e0 strano, come sembrerebbe strano a un uccello qualcuno che lo ringraziasse del suo canto. Anche tu, infatti, canti come un uccello, e cio\u00e8 naturalmente e gratuitamente. E tuttavia voglio lo stesso ringraziarti. Come voglio ringraziare i due impareggiabili amici, Amerigo Iannacone e Domenico Adriano, che hanno consentito questo nostro incontro con te, con la tua poesia. Umberto Saba, che essendo un grande poeta non temeva di sembrare piccolo inserendo delle \u201cmoralit\u00e0\u201d nei suoi versi, scrisse una volta, e proprio in una poesia intitolata \u201cQuasi una moralit\u00e0\u201d, che \u00abil mondo \u2013 tutto il mondo \u2013 ha bisogno d\u2019amicizia\u00bb. Ebbene, Amerigo e Domenico che hanno preparato e curato con sapienza d\u2019amore questo tuo Un albero per ombrello, all\u2019amicizia hanno risposto e corrisposto interamente, amichevolmente, affettuosamente.<br \/>\nCaro Mariano Coreno, caro Coreno e, anche per merito tuo, cara Coreno!<\/p>\n<p class=\"testoarticolo\">Dalla postfazione di <b>Tommaso Lisi<\/b><\/p>\n","protected":false},"excerpt":{"rendered":"<p>Titolo Un albero per ombrello Autore Mariano Coreno Collana Colibr\u00ec Pagine 111 Anno 2015 Prezzo \u20ac 10,00 Un albero per ombrello: Coreno \u00abDolce paese, onde portai conforme \/ l\u2019abito fiero e lo sdegnoso canto \/ e il petto ov\u2019odio e amor mai non s\u2019addorme, \/ pur ti riveggo, e il cuor mi balza in tanto\u00bb... <a href=\"http:\/\/edizionieva.com\/?p=562\" class=\"more-link\">...continua a leggere<span class=\"screen-reader-text\"> \"Un albero per ombrello\"<\/span><\/a><\/p>\n","protected":false},"author":1,"featured_media":0,"comment_status":"open","ping_status":"open","sticky":false,"template":"","format":"standard","meta":{"footnotes":""},"categories":[7],"tags":[],"class_list":{"0":"post-562","1":"post","2":"type-post","3":"status-publish","4":"format-standard","6":"category-libri","7":"h-entry","8":"hentry","9":"h-as-article"},"_links":{"self":[{"href":"http:\/\/edizionieva.com\/index.php?rest_route=\/wp\/v2\/posts\/562"}],"collection":[{"href":"http:\/\/edizionieva.com\/index.php?rest_route=\/wp\/v2\/posts"}],"about":[{"href":"http:\/\/edizionieva.com\/index.php?rest_route=\/wp\/v2\/types\/post"}],"author":[{"embeddable":true,"href":"http:\/\/edizionieva.com\/index.php?rest_route=\/wp\/v2\/users\/1"}],"replies":[{"embeddable":true,"href":"http:\/\/edizionieva.com\/index.php?rest_route=%2Fwp%2Fv2%2Fcomments&post=562"}],"version-history":[{"count":3,"href":"http:\/\/edizionieva.com\/index.php?rest_route=\/wp\/v2\/posts\/562\/revisions"}],"predecessor-version":[{"id":1024,"href":"http:\/\/edizionieva.com\/index.php?rest_route=\/wp\/v2\/posts\/562\/revisions\/1024"}],"wp:attachment":[{"href":"http:\/\/edizionieva.com\/index.php?rest_route=%2Fwp%2Fv2%2Fmedia&parent=562"}],"wp:term":[{"taxonomy":"category","embeddable":true,"href":"http:\/\/edizionieva.com\/index.php?rest_route=%2Fwp%2Fv2%2Fcategories&post=562"},{"taxonomy":"post_tag","embeddable":true,"href":"http:\/\/edizionieva.com\/index.php?rest_route=%2Fwp%2Fv2%2Ftags&post=562"}],"curies":[{"name":"wp","href":"https:\/\/api.w.org\/{rel}","templated":true}]}}